{"id":3800,"date":"2022-08-10T16:11:25","date_gmt":"2022-08-10T20:11:25","guid":{"rendered":"https:\/\/www.engage-men.ca\/?p=3800"},"modified":"2022-08-10T16:11:28","modified_gmt":"2022-08-10T20:11:28","slug":"quel-a-ete-limpact-de-la-premiere-vague-de-covid-19-sur-les-hommes-gais-bisexuels-ou-queers-constats-de-letude-engage-sur-la-covid-19","status":"publish","type":"post","link":"https:\/\/www.engage-men.ca\/fr\/quel-a-ete-limpact-de-la-premiere-vague-de-covid-19-sur-les-hommes-gais-bisexuels-ou-queers-constats-de-letude-engage-sur-la-covid-19\/","title":{"rendered":"Quel a \u00e9t\u00e9 l\u2019impact de la premi\u00e8re vague de\u00a0COVID-19 sur les hommes gais, bisexuels ou queers\u00a0? Constats de l\u2019\u00e9tude Engage sur la COVID-19."},"content":{"rendered":"\n<p>Dans les ann\u00e9es \u00e0 venir, d\u2019innombrables \u00e9tudes s\u2019int\u00e9resseront \u00e0 l\u2019impact de la pand\u00e9mie de COVID-19 sur les habitant\u00b7e\u00b7s des plus grandes villes canadiennes, mais rares seront les \u00e9tudes portant sur l\u2019exp\u00e9rience unique des hommes gais, bisexuels ou queers&nbsp;(HGBQ) durant cette p\u00e9riode.<\/p>\n\n\n\n<p>Dans le cadre de l\u2019\u00e9tude Engage, nous avons demand\u00e9 aux HGBQ de nous faire part de leur exp\u00e9rience de la pand\u00e9mie en r\u00e9pondant \u00e0 des questionnaires et en participant \u00e0 des entrevues qualitatives approfondies. Ce texte pr\u00e9sente certains des constats initiaux (datant de la premi\u00e8re vague de COVID-19) bas\u00e9s sur les r\u00e9ponses \u00e0 nos questionnaires.<\/p>\n\n\n\n<p>Premier constat important&nbsp;: de nombreux participants ont rencontr\u00e9 des probl\u00e8mes li\u00e9s au bien-\u00eatre psychologique.<\/p>\n\n\n\n<p>En effet, 36,8&nbsp;%&nbsp;&nbsp;des r\u00e9pondants ont v\u00e9cu un stress r\u00e9current ou quasi constant d\u00fb \u00e0 la pand\u00e9mie dans le mois pr\u00e9c\u00e9dant le sondage. Les principales causes de ce stress \u00e9taient le travail (21,3&nbsp;%) et un sentiment d\u2019enfermement ou de perte de libert\u00e9 (18,3&nbsp;%). La plupart des participants (52,2&nbsp;%) ont constat\u00e9 un d\u00e9clin de leur sant\u00e9 mentale suivant le d\u00e9but de la pand\u00e9mie. Notons cependant que la majorit\u00e9 (60,7&nbsp;%) des r\u00e9pondants ont re\u00e7u un soutien affectif de la part d\u2019ami\u00b7e\u00b7s ou de proches au moins une fois par semaine.<\/p>\n\n\n\n<figure class=\"wp-block-image size-large\"><img loading=\"lazy\" decoding=\"async\" width=\"1300\" height=\"731\" src=\"https:\/\/www.engage-men.ca\/wp-content\/uploads\/2022\/07\/COVID-shareables-v2-FR-1300x731.png\" alt=\"\" class=\"wp-image-3834\" srcset=\"https:\/\/www.engage-men.ca\/wp-content\/uploads\/2022\/07\/COVID-shareables-v2-FR-1300x731.png 1300w, https:\/\/www.engage-men.ca\/wp-content\/uploads\/2022\/07\/COVID-shareables-v2-FR-700x394.png 700w, https:\/\/www.engage-men.ca\/wp-content\/uploads\/2022\/07\/COVID-shareables-v2-FR-1536x864.png 1536w, https:\/\/www.engage-men.ca\/wp-content\/uploads\/2022\/07\/COVID-shareables-v2-FR-270x152.png 270w, https:\/\/www.engage-men.ca\/wp-content\/uploads\/2022\/07\/COVID-shareables-v2-FR-393x221.png 393w, https:\/\/www.engage-men.ca\/wp-content\/uploads\/2022\/07\/COVID-shareables-v2-FR-166x93.png 166w, https:\/\/www.engage-men.ca\/wp-content\/uploads\/2022\/07\/COVID-shareables-v2-FR-568x320.png 568w, https:\/\/www.engage-men.ca\/wp-content\/uploads\/2022\/07\/COVID-shareables-v2-FR-240x135.png 240w, https:\/\/www.engage-men.ca\/wp-content\/uploads\/2022\/07\/COVID-shareables-v2-FR.png 1920w\" sizes=\"auto, (max-width: 1300px) 100vw, 1300px\" \/><\/figure>\n\n\n\n<p>Nous nous sommes \u00e9galement int\u00e9ress\u00e9s&nbsp;aux r\u00e9percussions de la pand\u00e9mie de COVID-19 sur l\u2019acc\u00e8s aux soins de sant\u00e9. Environ la moiti\u00e9 des r\u00e9pondants ont rapport\u00e9 que la pand\u00e9mie avait eu un effet sur leur recours aux soins dentaires (52,8&nbsp;%) et \u00e0 leur m\u00e9decin de famille (49,7&nbsp;%). En outre, pr\u00e8s du tiers des participants (32,1&nbsp;%) ont \u00e9vit\u00e9 d\u2019aller chercher des soins de sant\u00e9 pour cause de craintes li\u00e9es \u00e0 la COVID-19.<\/p>\n\n\n\n<figure class=\"wp-block-image size-large\"><img loading=\"lazy\" decoding=\"async\" width=\"1300\" height=\"731\" src=\"https:\/\/www.engage-men.ca\/wp-content\/uploads\/2022\/08\/COVID-shareables2-v2-2-FR-1300x731.png\" alt=\"\" class=\"wp-image-3826\" srcset=\"https:\/\/www.engage-men.ca\/wp-content\/uploads\/2022\/08\/COVID-shareables2-v2-2-FR-1300x731.png 1300w, https:\/\/www.engage-men.ca\/wp-content\/uploads\/2022\/08\/COVID-shareables2-v2-2-FR-700x394.png 700w, https:\/\/www.engage-men.ca\/wp-content\/uploads\/2022\/08\/COVID-shareables2-v2-2-FR-1536x864.png 1536w, https:\/\/www.engage-men.ca\/wp-content\/uploads\/2022\/08\/COVID-shareables2-v2-2-FR-270x152.png 270w, https:\/\/www.engage-men.ca\/wp-content\/uploads\/2022\/08\/COVID-shareables2-v2-2-FR-393x221.png 393w, https:\/\/www.engage-men.ca\/wp-content\/uploads\/2022\/08\/COVID-shareables2-v2-2-FR-166x93.png 166w, https:\/\/www.engage-men.ca\/wp-content\/uploads\/2022\/08\/COVID-shareables2-v2-2-FR-568x320.png 568w, https:\/\/www.engage-men.ca\/wp-content\/uploads\/2022\/08\/COVID-shareables2-v2-2-FR-240x135.png 240w, https:\/\/www.engage-men.ca\/wp-content\/uploads\/2022\/08\/COVID-shareables2-v2-2-FR.png 1920w\" sizes=\"auto, (max-width: 1300px) 100vw, 1300px\" \/><\/figure>\n\n\n\n<p>Les services de r\u00e9duction des m\u00e9faits et les soins en lien avec le virus de l\u2019immunod\u00e9ficience humaine&nbsp;(VIH) ont \u00e9t\u00e9 les deux&nbsp;cat\u00e9gories les moins touch\u00e9es d\u2019apr\u00e8s le sondage&nbsp;: 9,5&nbsp;% et 12,5&nbsp;% des r\u00e9pondants, respectivement, ont rapport\u00e9 que la pand\u00e9mie avait eu une incidence sur leur acc\u00e8s \u00e0 ces ressources.<\/p>\n\n\n\n<p>Quant aux services m\u00e9dicaux directement li\u00e9s \u00e0 la pand\u00e9mie, pr\u00e8s de la moiti\u00e9 (47,8&nbsp;%) des participants ont re\u00e7u un test de d\u00e9pistage de la COVID-19 durant ou avant le mois de mai&nbsp;2020, et 39&nbsp;% ont eu au moins un sympt\u00f4me de la COVID-19.&nbsp;Quelque 9,6&nbsp;%&nbsp;&nbsp;des r\u00e9pondants ont re\u00e7u un diagnostic de COVID-19.<\/p>\n\n\n\n<p>La pand\u00e9mie a aussi entra\u00een\u00e9 d\u2019<a href=\"https:\/\/www.engage-men.ca\/sex-during-covid-19-what-strategies-did-gay-bisexual-and-queer-guys-use-to-stay-safe\/\">importants changements<\/a>&nbsp;quant au comportement sexuel des participants. Pr\u00e8s des trois quarts (72,3&nbsp;%) des r\u00e9pondants ont rapport\u00e9 que leurs rencontres avec des hommes n\u2019appartenant pas \u00e0 leur m\u00e9nage avaient diminu\u00e9 ou beaucoup diminu\u00e9 apr\u00e8s le d\u00e9but de la pand\u00e9mie. Plus des trois quarts (77,3&nbsp;%) des participants ont dit s\u2019\u00eatre adonn\u00e9s moins ou beaucoup moins aux rapports sexuels anonymes. Le sexe t\u00e9l\u00e9phonique est l\u2019activit\u00e9 ayant connu la plus grande&nbsp;augmentation&nbsp;de fr\u00e9quence&nbsp;: 28,4&nbsp;% des r\u00e9pondants ont dit avoir pratiqu\u00e9 le sexe t\u00e9l\u00e9phonique plus souvent ou beaucoup plus souvent depuis le d\u00e9but de la pand\u00e9mie.<\/p>\n\n\n\n<figure class=\"wp-block-image size-large\"><img loading=\"lazy\" decoding=\"async\" width=\"1300\" height=\"731\" src=\"https:\/\/www.engage-men.ca\/wp-content\/uploads\/2022\/07\/COVID-shareables2-v2-3-FR-1300x731.png\" alt=\"\" class=\"wp-image-3836\" srcset=\"https:\/\/www.engage-men.ca\/wp-content\/uploads\/2022\/07\/COVID-shareables2-v2-3-FR-1300x731.png 1300w, https:\/\/www.engage-men.ca\/wp-content\/uploads\/2022\/07\/COVID-shareables2-v2-3-FR-700x394.png 700w, https:\/\/www.engage-men.ca\/wp-content\/uploads\/2022\/07\/COVID-shareables2-v2-3-FR-1536x864.png 1536w, https:\/\/www.engage-men.ca\/wp-content\/uploads\/2022\/07\/COVID-shareables2-v2-3-FR-270x152.png 270w, https:\/\/www.engage-men.ca\/wp-content\/uploads\/2022\/07\/COVID-shareables2-v2-3-FR-393x221.png 393w, https:\/\/www.engage-men.ca\/wp-content\/uploads\/2022\/07\/COVID-shareables2-v2-3-FR-166x93.png 166w, https:\/\/www.engage-men.ca\/wp-content\/uploads\/2022\/07\/COVID-shareables2-v2-3-FR-568x320.png 568w, https:\/\/www.engage-men.ca\/wp-content\/uploads\/2022\/07\/COVID-shareables2-v2-3-FR-240x135.png 240w, https:\/\/www.engage-men.ca\/wp-content\/uploads\/2022\/07\/COVID-shareables2-v2-3-FR.png 1920w\" sizes=\"auto, (max-width: 1300px) 100vw, 1300px\" \/><\/figure>\n\n\n\n<p>Par ailleurs, 29,7&nbsp;% des participants ont rapport\u00e9 que la COVID-19 avait aussi eu un impact sur leur acc\u00e8s au d\u00e9pistage et au traitement des infections transmises sexuellement&nbsp;(ITS), ainsi que sur leur utilisation de ces ressources. Enfin, 21,2&nbsp;% des r\u00e9pondants&nbsp;s\u00e9ron\u00e9gatifs pour le VIH&nbsp;ont dit avoir arr\u00eat\u00e9 la&nbsp;prophylaxie pr\u00e9exposition (PrEP).<\/p>\n\n\n\n<p>Ces r\u00e9sultats (y compris les probl\u00e8mes de sant\u00e9 mentale et les perturbations touchant les soins) sont particuli\u00e8rement pertinents vu la surcharge en mati\u00e8re de sant\u00e9 mentale et les obstacles \u00e0 l\u2019acc\u00e8s aux soins que subissent les HGBQ. Il sera important de continuer \u00e0 pallier ces iniquit\u00e9s, par exemple&nbsp;en offrant davantage de&nbsp;<a href=\"file:\/\/\/C:\/Users\/CBRCUser\/Desktop\/Engage\/Engage COVID\/goodhead.ca\">programmes ax\u00e9s sur la sant\u00e9 mentale des HGBQ<\/a>, pour r\u00e9pondre aux difficult\u00e9s caus\u00e9es par la pand\u00e9mie.<\/p>\n\n\n\n<p>Cela dit, les HGBQ doivent aussi composer avec beaucoup des m\u00eames pr\u00e9occupations et des m\u00eames risques que les autres Canadien\u00b7ne\u00b7s&nbsp;: 15,6&nbsp;% des participants de l\u2019\u00e9tude Engage sont des travailleurs essentiels (du milieu de la sant\u00e9 ou autres), 22,2&nbsp;% travaillent avec le public en tout temps ou presque, et 11,2&nbsp;% ont dit ne pas pouvoir s\u2019absenter du travail en cas de maladie.<\/p>\n\n\n\n<p>Si la pand\u00e9mie a donn\u00e9 plus de visibilit\u00e9 \u00e0 certaines questions, dont l\u2019acc\u00e8s aux soins de sant\u00e9 et aux m\u00e9dicaments, la s\u00e9curit\u00e9 au travail, l\u2019isolement, le soutien affectif et la stabilit\u00e9 financi\u00e8re, ces enjeux sont loin d\u2019\u00eatre nouveaux pour les HGBQ. L\u2019analyse et la diffusion des r\u00e9sultats de l\u2019\u00e9tude Engage sur la COVID-19 se poursuivent, ce qui permettra de mieux informer la gestion non seulement de la pand\u00e9mie, mais aussi d\u2019autres aspects de la sant\u00e9 et du bien-\u00eatre des HGBQ.<\/p>\n\n\n\n<p>La pand\u00e9mie a \u00e9videmment progress\u00e9 depuis le premier module de questionnaires de l\u2019\u00e9tude Engage. Par cons\u00e9quent, les exp\u00e9riences, comportements et attitudes ont chang\u00e9. Nous sommes impatients de vous faire part des r\u00e9sultats de la deuxi\u00e8me&nbsp;vague de donn\u00e9es et de nous pencher sur l\u2019\u00e9volution des r\u00e9actions des HGBQ suivant la progression de la pand\u00e9mie.<\/p>\n\n\n\n<p>L\u2019\u00e9tude Engage suit 1&nbsp;248&nbsp;HGBQ vivant \u00e0 Montr\u00e9al, \u00e0 Toronto ou \u00e0 Vancouver. Elle couvre un large \u00e9ventail de sujets, dont la&nbsp;consommation de substances psychoactives, la sant\u00e9 et l\u2019acc\u00e8s aux soins, les comportements sexuels, la sant\u00e9 mentale et les liens communautaires. La premi\u00e8re vague de r\u00e9ponses \u00e0 nos questionnaires (r\u00e9sum\u00e9e plus haut) a \u00e9t\u00e9 recueillie fin&nbsp;2020 et d\u00e9but&nbsp;2021.<\/p>\n\n\n\n<p><a href=\"mailto:douglas.hanes@utoronto.ca\">Douglas&nbsp;Hanes<\/a> et <a href=\"mailto:daniel.grace@utoronto.ca\">Daniel&nbsp;Grace<\/a><\/p>\n\n\n\n<p>Universit\u00e9 de Toronto, Dalla&nbsp;Lana School of Public Health<\/p>\n\n<div style=\"display: block !important; margin:0 !important; padding: 0 !important\" id=\"wpp_popup_post_end_element\"><\/div>","protected":false},"excerpt":{"rendered":"<p>Dans les ann\u00e9es \u00e0 venir, d\u2019innombrables \u00e9tudes s\u2019int\u00e9resseront \u00e0 l\u2019impact de la pand\u00e9mie de COVID-19 sur les habitant\u00b7e\u00b7s des plus grandes villes canadiennes, mais rares seront les \u00e9tudes portant sur l\u2019exp\u00e9rience unique des hommes gais, bisexuels ou queers&nbsp;(HGBQ) durant cette [&hellip;]<\/p>\n","protected":false},"author":13,"featured_media":0,"comment_status":"open","ping_status":"open","sticky":false,"template":"","format":"standard","meta":{"_acf_changed":false,"om_disable_all_campaigns":false,"_monsterinsights_skip_tracking":false,"_monsterinsights_sitenote_active":false,"_monsterinsights_sitenote_note":"","_monsterinsights_sitenote_category":0,"footnotes":""},"categories":[12,35],"tags":[],"class_list":["post-3800","post","type-post","status-publish","format-standard","hentry","category-non-classifiee","category-toronto-fr"],"acf":[],"aioseo_notices":[],"yoast_head":"<!-- This site is optimized with the Yoast SEO plugin v26.8 - https:\/\/yoast.com\/product\/yoast-seo-wordpress\/ -->\n<title>Quel a \u00e9t\u00e9 l\u2019impact de la premi\u00e8re vague de\u00a0COVID-19 sur les hommes gais, bisexuels ou queers\u00a0? Constats de l\u2019\u00e9tude Engage sur la COVID-19. - Engage<\/title>\n<meta name=\"robots\" content=\"index, follow, max-snippet:-1, max-image-preview:large, max-video-preview:-1\" \/>\n<link rel=\"canonical\" href=\"https:\/\/www.engage-men.ca\/fr\/quel-a-ete-limpact-de-la-premiere-vague-de-covid-19-sur-les-hommes-gais-bisexuels-ou-queers-constats-de-letude-engage-sur-la-covid-19\/\" \/>\n<meta property=\"og:locale\" content=\"fr_FR\" \/>\n<meta property=\"og:type\" content=\"article\" \/>\n<meta property=\"og:title\" content=\"Quel a \u00e9t\u00e9 l\u2019impact de la premi\u00e8re vague de\u00a0COVID-19 sur les hommes gais, bisexuels ou queers\u00a0? Constats de l\u2019\u00e9tude Engage sur la COVID-19. - Engage\" \/>\n<meta property=\"og:description\" content=\"Dans les ann\u00e9es \u00e0 venir, d\u2019innombrables \u00e9tudes s\u2019int\u00e9resseront \u00e0 l\u2019impact de la pand\u00e9mie de COVID-19 sur les habitant\u00b7e\u00b7s des plus grandes villes canadiennes, mais rares seront les \u00e9tudes portant sur l\u2019exp\u00e9rience unique des hommes gais, bisexuels ou queers&nbsp;(HGBQ) durant cette [&hellip;]\" \/>\n<meta property=\"og:url\" content=\"https:\/\/www.engage-men.ca\/fr\/quel-a-ete-limpact-de-la-premiere-vague-de-covid-19-sur-les-hommes-gais-bisexuels-ou-queers-constats-de-letude-engage-sur-la-covid-19\/\" \/>\n<meta property=\"og:site_name\" content=\"Engage\" \/>\n<meta property=\"article:published_time\" content=\"2022-08-10T20:11:25+00:00\" \/>\n<meta property=\"article:modified_time\" content=\"2022-08-10T20:11:28+00:00\" \/>\n<meta property=\"og:image\" content=\"https:\/\/www.engage-men.ca\/wp-content\/uploads\/2022\/07\/COVID-shareables-v2-FR-1300x731.png\" \/>\n<meta name=\"author\" content=\"EngageTO\" \/>\n<meta name=\"twitter:card\" content=\"summary_large_image\" \/>\n<meta name=\"twitter:label1\" content=\"Written by\" \/>\n\t<meta name=\"twitter:data1\" content=\"EngageTO\" \/>\n\t<meta name=\"twitter:label2\" content=\"Est. reading time\" \/>\n\t<meta name=\"twitter:data2\" content=\"5 minutes\" \/>\n<script type=\"application\/ld+json\" class=\"yoast-schema-graph\">{\"@context\":\"https:\/\/schema.org\",\"@graph\":[{\"@type\":\"Article\",\"@id\":\"https:\/\/www.engage-men.ca\/fr\/quel-a-ete-limpact-de-la-premiere-vague-de-covid-19-sur-les-hommes-gais-bisexuels-ou-queers-constats-de-letude-engage-sur-la-covid-19\/#article\",\"isPartOf\":{\"@id\":\"https:\/\/www.engage-men.ca\/fr\/quel-a-ete-limpact-de-la-premiere-vague-de-covid-19-sur-les-hommes-gais-bisexuels-ou-queers-constats-de-letude-engage-sur-la-covid-19\/\"},\"author\":{\"name\":\"EngageTO\",\"@id\":\"https:\/\/www.engage-men.ca\/#\/schema\/person\/1e6d06e06cf69dfe57b89e6b9908ae73\"},\"headline\":\"Quel a \u00e9t\u00e9 l\u2019impact de la premi\u00e8re vague de\u00a0COVID-19 sur les hommes gais, bisexuels ou queers\u00a0? Constats de l\u2019\u00e9tude Engage sur la COVID-19.\",\"datePublished\":\"2022-08-10T20:11:25+00:00\",\"dateModified\":\"2022-08-10T20:11:28+00:00\",\"mainEntityOfPage\":{\"@id\":\"https:\/\/www.engage-men.ca\/fr\/quel-a-ete-limpact-de-la-premiere-vague-de-covid-19-sur-les-hommes-gais-bisexuels-ou-queers-constats-de-letude-engage-sur-la-covid-19\/\"},\"wordCount\":1047,\"commentCount\":0,\"image\":{\"@id\":\"https:\/\/www.engage-men.ca\/fr\/quel-a-ete-limpact-de-la-premiere-vague-de-covid-19-sur-les-hommes-gais-bisexuels-ou-queers-constats-de-letude-engage-sur-la-covid-19\/#primaryimage\"},\"thumbnailUrl\":\"https:\/\/www.engage-men.ca\/wp-content\/uploads\/2022\/07\/COVID-shareables-v2-FR-1300x731.png\",\"articleSection\":[\"Non classifi\u00e9(e)\",\"Toronto\"],\"inLanguage\":\"fr-FR\"},{\"@type\":\"WebPage\",\"@id\":\"https:\/\/www.engage-men.ca\/fr\/quel-a-ete-limpact-de-la-premiere-vague-de-covid-19-sur-les-hommes-gais-bisexuels-ou-queers-constats-de-letude-engage-sur-la-covid-19\/\",\"url\":\"https:\/\/www.engage-men.ca\/fr\/quel-a-ete-limpact-de-la-premiere-vague-de-covid-19-sur-les-hommes-gais-bisexuels-ou-queers-constats-de-letude-engage-sur-la-covid-19\/\",\"name\":\"Quel a \u00e9t\u00e9 l\u2019impact de la premi\u00e8re vague de\u00a0COVID-19 sur les hommes gais, bisexuels ou queers\u00a0? Constats de l\u2019\u00e9tude Engage sur la COVID-19. - Engage\",\"isPartOf\":{\"@id\":\"https:\/\/www.engage-men.ca\/#website\"},\"primaryImageOfPage\":{\"@id\":\"https:\/\/www.engage-men.ca\/fr\/quel-a-ete-limpact-de-la-premiere-vague-de-covid-19-sur-les-hommes-gais-bisexuels-ou-queers-constats-de-letude-engage-sur-la-covid-19\/#primaryimage\"},\"image\":{\"@id\":\"https:\/\/www.engage-men.ca\/fr\/quel-a-ete-limpact-de-la-premiere-vague-de-covid-19-sur-les-hommes-gais-bisexuels-ou-queers-constats-de-letude-engage-sur-la-covid-19\/#primaryimage\"},\"thumbnailUrl\":\"https:\/\/www.engage-men.ca\/wp-content\/uploads\/2022\/07\/COVID-shareables-v2-FR-1300x731.png\",\"datePublished\":\"2022-08-10T20:11:25+00:00\",\"dateModified\":\"2022-08-10T20:11:28+00:00\",\"author\":{\"@id\":\"https:\/\/www.engage-men.ca\/#\/schema\/person\/1e6d06e06cf69dfe57b89e6b9908ae73\"},\"breadcrumb\":{\"@id\":\"https:\/\/www.engage-men.ca\/fr\/quel-a-ete-limpact-de-la-premiere-vague-de-covid-19-sur-les-hommes-gais-bisexuels-ou-queers-constats-de-letude-engage-sur-la-covid-19\/#breadcrumb\"},\"inLanguage\":\"fr-FR\",\"potentialAction\":[{\"@type\":\"ReadAction\",\"target\":[\"https:\/\/www.engage-men.ca\/fr\/quel-a-ete-limpact-de-la-premiere-vague-de-covid-19-sur-les-hommes-gais-bisexuels-ou-queers-constats-de-letude-engage-sur-la-covid-19\/\"]}]},{\"@type\":\"ImageObject\",\"inLanguage\":\"fr-FR\",\"@id\":\"https:\/\/www.engage-men.ca\/fr\/quel-a-ete-limpact-de-la-premiere-vague-de-covid-19-sur-les-hommes-gais-bisexuels-ou-queers-constats-de-letude-engage-sur-la-covid-19\/#primaryimage\",\"url\":\"https:\/\/www.engage-men.ca\/wp-content\/uploads\/2022\/07\/COVID-shareables-v2-FR-1300x731.png\",\"contentUrl\":\"https:\/\/www.engage-men.ca\/wp-content\/uploads\/2022\/07\/COVID-shareables-v2-FR-1300x731.png\"},{\"@type\":\"BreadcrumbList\",\"@id\":\"https:\/\/www.engage-men.ca\/fr\/quel-a-ete-limpact-de-la-premiere-vague-de-covid-19-sur-les-hommes-gais-bisexuels-ou-queers-constats-de-letude-engage-sur-la-covid-19\/#breadcrumb\",\"itemListElement\":[{\"@type\":\"ListItem\",\"position\":1,\"name\":\"Home\",\"item\":\"https:\/\/www.engage-men.ca\/fr\/\"},{\"@type\":\"ListItem\",\"position\":2,\"name\":\"Quel a \u00e9t\u00e9 l\u2019impact de la premi\u00e8re vague de\u00a0COVID-19 sur les hommes gais, bisexuels ou queers\u00a0? Constats de l\u2019\u00e9tude Engage sur la COVID-19.\"}]},{\"@type\":\"WebSite\",\"@id\":\"https:\/\/www.engage-men.ca\/#website\",\"url\":\"https:\/\/www.engage-men.ca\/\",\"name\":\"Engage\",\"description\":\"Advancing Gay and Bisexual Men&#039;s Sexual Health\",\"potentialAction\":[{\"@type\":\"SearchAction\",\"target\":{\"@type\":\"EntryPoint\",\"urlTemplate\":\"https:\/\/www.engage-men.ca\/?s={search_term_string}\"},\"query-input\":{\"@type\":\"PropertyValueSpecification\",\"valueRequired\":true,\"valueName\":\"search_term_string\"}}],\"inLanguage\":\"fr-FR\"},{\"@type\":\"Person\",\"@id\":\"https:\/\/www.engage-men.ca\/#\/schema\/person\/1e6d06e06cf69dfe57b89e6b9908ae73\",\"name\":\"EngageTO\",\"image\":{\"@type\":\"ImageObject\",\"inLanguage\":\"fr-FR\",\"@id\":\"https:\/\/www.engage-men.ca\/#\/schema\/person\/image\/\",\"url\":\"https:\/\/secure.gravatar.com\/avatar\/2ff821da3f961ef0765d1bd39bed833e?s=96&d=mm&r=g\",\"contentUrl\":\"https:\/\/secure.gravatar.com\/avatar\/2ff821da3f961ef0765d1bd39bed833e?s=96&d=mm&r=g\",\"caption\":\"EngageTO\"},\"url\":\"https:\/\/www.engage-men.ca\/fr\/author\/torontoengage-men-ca\/\"}]}<\/script>\n<!-- \/ Yoast SEO plugin. -->","yoast_head_json":{"title":"Quel a \u00e9t\u00e9 l\u2019impact de la premi\u00e8re vague de\u00a0COVID-19 sur les hommes gais, bisexuels ou queers\u00a0? Constats de l\u2019\u00e9tude Engage sur la COVID-19. - Engage","robots":{"index":"index","follow":"follow","max-snippet":"max-snippet:-1","max-image-preview":"max-image-preview:large","max-video-preview":"max-video-preview:-1"},"canonical":"https:\/\/www.engage-men.ca\/fr\/quel-a-ete-limpact-de-la-premiere-vague-de-covid-19-sur-les-hommes-gais-bisexuels-ou-queers-constats-de-letude-engage-sur-la-covid-19\/","og_locale":"fr_FR","og_type":"article","og_title":"Quel a \u00e9t\u00e9 l\u2019impact de la premi\u00e8re vague de\u00a0COVID-19 sur les hommes gais, bisexuels ou queers\u00a0? Constats de l\u2019\u00e9tude Engage sur la COVID-19. - Engage","og_description":"Dans les ann\u00e9es \u00e0 venir, d\u2019innombrables \u00e9tudes s\u2019int\u00e9resseront \u00e0 l\u2019impact de la pand\u00e9mie de COVID-19 sur les habitant\u00b7e\u00b7s des plus grandes villes canadiennes, mais rares seront les \u00e9tudes portant sur l\u2019exp\u00e9rience unique des hommes gais, bisexuels ou queers&nbsp;(HGBQ) durant cette [&hellip;]","og_url":"https:\/\/www.engage-men.ca\/fr\/quel-a-ete-limpact-de-la-premiere-vague-de-covid-19-sur-les-hommes-gais-bisexuels-ou-queers-constats-de-letude-engage-sur-la-covid-19\/","og_site_name":"Engage","article_published_time":"2022-08-10T20:11:25+00:00","article_modified_time":"2022-08-10T20:11:28+00:00","og_image":[{"url":"https:\/\/www.engage-men.ca\/wp-content\/uploads\/2022\/07\/COVID-shareables-v2-FR-1300x731.png","type":"","width":"","height":""}],"author":"EngageTO","twitter_card":"summary_large_image","twitter_misc":{"Written by":"EngageTO","Est. reading time":"5 minutes"},"schema":{"@context":"https:\/\/schema.org","@graph":[{"@type":"Article","@id":"https:\/\/www.engage-men.ca\/fr\/quel-a-ete-limpact-de-la-premiere-vague-de-covid-19-sur-les-hommes-gais-bisexuels-ou-queers-constats-de-letude-engage-sur-la-covid-19\/#article","isPartOf":{"@id":"https:\/\/www.engage-men.ca\/fr\/quel-a-ete-limpact-de-la-premiere-vague-de-covid-19-sur-les-hommes-gais-bisexuels-ou-queers-constats-de-letude-engage-sur-la-covid-19\/"},"author":{"name":"EngageTO","@id":"https:\/\/www.engage-men.ca\/#\/schema\/person\/1e6d06e06cf69dfe57b89e6b9908ae73"},"headline":"Quel a \u00e9t\u00e9 l\u2019impact de la premi\u00e8re vague de\u00a0COVID-19 sur les hommes gais, bisexuels ou queers\u00a0? Constats de l\u2019\u00e9tude Engage sur la COVID-19.","datePublished":"2022-08-10T20:11:25+00:00","dateModified":"2022-08-10T20:11:28+00:00","mainEntityOfPage":{"@id":"https:\/\/www.engage-men.ca\/fr\/quel-a-ete-limpact-de-la-premiere-vague-de-covid-19-sur-les-hommes-gais-bisexuels-ou-queers-constats-de-letude-engage-sur-la-covid-19\/"},"wordCount":1047,"commentCount":0,"image":{"@id":"https:\/\/www.engage-men.ca\/fr\/quel-a-ete-limpact-de-la-premiere-vague-de-covid-19-sur-les-hommes-gais-bisexuels-ou-queers-constats-de-letude-engage-sur-la-covid-19\/#primaryimage"},"thumbnailUrl":"https:\/\/www.engage-men.ca\/wp-content\/uploads\/2022\/07\/COVID-shareables-v2-FR-1300x731.png","articleSection":["Non classifi\u00e9(e)","Toronto"],"inLanguage":"fr-FR"},{"@type":"WebPage","@id":"https:\/\/www.engage-men.ca\/fr\/quel-a-ete-limpact-de-la-premiere-vague-de-covid-19-sur-les-hommes-gais-bisexuels-ou-queers-constats-de-letude-engage-sur-la-covid-19\/","url":"https:\/\/www.engage-men.ca\/fr\/quel-a-ete-limpact-de-la-premiere-vague-de-covid-19-sur-les-hommes-gais-bisexuels-ou-queers-constats-de-letude-engage-sur-la-covid-19\/","name":"Quel a \u00e9t\u00e9 l\u2019impact de la premi\u00e8re vague de\u00a0COVID-19 sur les hommes gais, bisexuels ou queers\u00a0? Constats de l\u2019\u00e9tude Engage sur la COVID-19. - Engage","isPartOf":{"@id":"https:\/\/www.engage-men.ca\/#website"},"primaryImageOfPage":{"@id":"https:\/\/www.engage-men.ca\/fr\/quel-a-ete-limpact-de-la-premiere-vague-de-covid-19-sur-les-hommes-gais-bisexuels-ou-queers-constats-de-letude-engage-sur-la-covid-19\/#primaryimage"},"image":{"@id":"https:\/\/www.engage-men.ca\/fr\/quel-a-ete-limpact-de-la-premiere-vague-de-covid-19-sur-les-hommes-gais-bisexuels-ou-queers-constats-de-letude-engage-sur-la-covid-19\/#primaryimage"},"thumbnailUrl":"https:\/\/www.engage-men.ca\/wp-content\/uploads\/2022\/07\/COVID-shareables-v2-FR-1300x731.png","datePublished":"2022-08-10T20:11:25+00:00","dateModified":"2022-08-10T20:11:28+00:00","author":{"@id":"https:\/\/www.engage-men.ca\/#\/schema\/person\/1e6d06e06cf69dfe57b89e6b9908ae73"},"breadcrumb":{"@id":"https:\/\/www.engage-men.ca\/fr\/quel-a-ete-limpact-de-la-premiere-vague-de-covid-19-sur-les-hommes-gais-bisexuels-ou-queers-constats-de-letude-engage-sur-la-covid-19\/#breadcrumb"},"inLanguage":"fr-FR","potentialAction":[{"@type":"ReadAction","target":["https:\/\/www.engage-men.ca\/fr\/quel-a-ete-limpact-de-la-premiere-vague-de-covid-19-sur-les-hommes-gais-bisexuels-ou-queers-constats-de-letude-engage-sur-la-covid-19\/"]}]},{"@type":"ImageObject","inLanguage":"fr-FR","@id":"https:\/\/www.engage-men.ca\/fr\/quel-a-ete-limpact-de-la-premiere-vague-de-covid-19-sur-les-hommes-gais-bisexuels-ou-queers-constats-de-letude-engage-sur-la-covid-19\/#primaryimage","url":"https:\/\/www.engage-men.ca\/wp-content\/uploads\/2022\/07\/COVID-shareables-v2-FR-1300x731.png","contentUrl":"https:\/\/www.engage-men.ca\/wp-content\/uploads\/2022\/07\/COVID-shareables-v2-FR-1300x731.png"},{"@type":"BreadcrumbList","@id":"https:\/\/www.engage-men.ca\/fr\/quel-a-ete-limpact-de-la-premiere-vague-de-covid-19-sur-les-hommes-gais-bisexuels-ou-queers-constats-de-letude-engage-sur-la-covid-19\/#breadcrumb","itemListElement":[{"@type":"ListItem","position":1,"name":"Home","item":"https:\/\/www.engage-men.ca\/fr\/"},{"@type":"ListItem","position":2,"name":"Quel a \u00e9t\u00e9 l\u2019impact de la premi\u00e8re vague de\u00a0COVID-19 sur les hommes gais, bisexuels ou queers\u00a0? Constats de l\u2019\u00e9tude Engage sur la COVID-19."}]},{"@type":"WebSite","@id":"https:\/\/www.engage-men.ca\/#website","url":"https:\/\/www.engage-men.ca\/","name":"Engage","description":"Advancing Gay and Bisexual Men&#039;s Sexual Health","potentialAction":[{"@type":"SearchAction","target":{"@type":"EntryPoint","urlTemplate":"https:\/\/www.engage-men.ca\/?s={search_term_string}"},"query-input":{"@type":"PropertyValueSpecification","valueRequired":true,"valueName":"search_term_string"}}],"inLanguage":"fr-FR"},{"@type":"Person","@id":"https:\/\/www.engage-men.ca\/#\/schema\/person\/1e6d06e06cf69dfe57b89e6b9908ae73","name":"EngageTO","image":{"@type":"ImageObject","inLanguage":"fr-FR","@id":"https:\/\/www.engage-men.ca\/#\/schema\/person\/image\/","url":"https:\/\/secure.gravatar.com\/avatar\/2ff821da3f961ef0765d1bd39bed833e?s=96&d=mm&r=g","contentUrl":"https:\/\/secure.gravatar.com\/avatar\/2ff821da3f961ef0765d1bd39bed833e?s=96&d=mm&r=g","caption":"EngageTO"},"url":"https:\/\/www.engage-men.ca\/fr\/author\/torontoengage-men-ca\/"}]}},"_links":{"self":[{"href":"https:\/\/www.engage-men.ca\/fr\/wp-json\/wp\/v2\/posts\/3800","targetHints":{"allow":["GET"]}}],"collection":[{"href":"https:\/\/www.engage-men.ca\/fr\/wp-json\/wp\/v2\/posts"}],"about":[{"href":"https:\/\/www.engage-men.ca\/fr\/wp-json\/wp\/v2\/types\/post"}],"author":[{"embeddable":true,"href":"https:\/\/www.engage-men.ca\/fr\/wp-json\/wp\/v2\/users\/13"}],"replies":[{"embeddable":true,"href":"https:\/\/www.engage-men.ca\/fr\/wp-json\/wp\/v2\/comments?post=3800"}],"version-history":[{"count":2,"href":"https:\/\/www.engage-men.ca\/fr\/wp-json\/wp\/v2\/posts\/3800\/revisions"}],"predecessor-version":[{"id":3838,"href":"https:\/\/www.engage-men.ca\/fr\/wp-json\/wp\/v2\/posts\/3800\/revisions\/3838"}],"wp:attachment":[{"href":"https:\/\/www.engage-men.ca\/fr\/wp-json\/wp\/v2\/media?parent=3800"}],"wp:term":[{"taxonomy":"category","embeddable":true,"href":"https:\/\/www.engage-men.ca\/fr\/wp-json\/wp\/v2\/categories?post=3800"},{"taxonomy":"post_tag","embeddable":true,"href":"https:\/\/www.engage-men.ca\/fr\/wp-json\/wp\/v2\/tags?post=3800"}],"curies":[{"name":"wp","href":"https:\/\/api.w.org\/{rel}","templated":true}]}}